[{"@context":"https:\/\/schema.org\/","@type":"Article","@id":"https:\/\/www.gcjc.cz\/skonci-nekdy-pandemie\/#Article","mainEntityOfPage":"https:\/\/www.gcjc.cz\/skonci-nekdy-pandemie\/","headline":"Skon\u010d\u00ed n\u011bkdy pandemie?","name":"Skon\u010d\u00ed n\u011bkdy pandemie?","description":"P\u0159ed t\u00e9m\u011b\u0159 dv\u011bma lety se i u n\u00e1s vyskytl nov\u00fd typ koronaviru. V\u0161ichni se b\u00e1li, ze v\u0161ech stran se na &hellip; ","datePublished":"2021-11-01","dateModified":"2023-05-19","author":{"@type":"Person","@id":"https:\/\/www.gcjc.cz\/author\/#Person","name":"","url":"https:\/\/www.gcjc.cz\/author\/","identifier":1,"image":{"@type":"ImageObject","@id":"https:\/\/secure.gravatar.com\/avatar\/d2f205e1507a0401c7d467d32c87ccece0f63a45b81075bb691dbe8d4c823787?s=96&d=mm&r=g","url":"https:\/\/secure.gravatar.com\/avatar\/d2f205e1507a0401c7d467d32c87ccece0f63a45b81075bb691dbe8d4c823787?s=96&d=mm&r=g","height":96,"width":96}},"publisher":{"@type":"Organization","name":"gcjc.cz","logo":{"@type":"ImageObject","@id":"\/logo.png","url":"\/logo.png","width":600,"height":60}},"image":{"@type":"ImageObject","@id":"https:\/\/www.gcjc.cz\/wp-content\/uploads\/coronavirus-4914026_1280.jpg","url":"https:\/\/www.gcjc.cz\/wp-content\/uploads\/coronavirus-4914026_1280.jpg","height":0,"width":0},"url":"https:\/\/www.gcjc.cz\/skonci-nekdy-pandemie\/","about":["Politika"],"wordCount":727,"articleBody":"P\u0159ed t\u00e9m\u011b\u0159 dv\u011bma lety se i u n\u00e1s vyskytl nov\u00fd typ koronaviru. V\u0161ichni se b\u00e1li, ze v\u0161ech stran se na n\u00e1s valily informace o jeho vysok\u00e9 infek\u010dnosti a o po\u010dtech \u00famrt\u00ed s n\u00edm spojen\u00e9. Snad ka\u017ed\u00fd bral v\u00e1\u017en\u011b v\u0161echna na\u0159\u00edzen\u00ed a omezen\u00ed. \u0160ili jsme si doma rou\u0161ky, vykoupili jsme v\u0161echno m\u00fddlo a dezinfekci. K dost\u00e1n\u00ed nebylo ani oby\u010dejn\u00e9 m\u00fddlo, nato\u017e to antibakteri\u00e1ln\u00ed. Kdy\u017e byl z\u00e1kaz vych\u00e1zen\u00ed, v\u0161ichni ho respektovali. Nosili jsme rou\u0161ky venku, nosili zdravotn\u00edk\u016fm j\u00eddlo a pit\u00ed. Jen\u017ee\u2026Na sc\u00e9n\u011b se objevili lid\u00e9, kte\u0159\u00ed si na koronaviru postavili velmi v\u00fdd\u011ble\u010dn\u00fd byznys, a to pr\u00e1v\u011b v \u0159ad\u00e1ch na\u0161ich politik\u016f. Vyr\u00e1b\u00ed respir\u00e1tory ve velk\u00e9m. A tak se na\u0159\u00eddila povinnost zahodit dom\u00e1c\u00ed \u0161it\u00e9 rou\u0161ky a zakoupit respir\u00e1tory. Dal\u0161\u00ed velmi v\u00fdd\u011ble\u010dnou polo\u017ekou jsou testy, kter\u00e9 jsou na\u0159\u00edzeny u\u017e hezky dlouho, a\u0165 u\u017e antigenn\u00ed, nebo PCR. Ceny za n\u011b jsou d\u00e1 se \u0159\u00edct a\u017e astronomick\u00e9. Kdy\u017e si spo\u010d\u00edt\u00e1te, kolik jich denn\u011b ud\u011bl\u00e1me, vych\u00e1z\u00ed n\u00e1m obrovsk\u00e1 \u010d\u00edsla. A lid\u00e9, kte\u0159\u00ed jsou v tomto byznysu zainteresovan\u00ed, by n\u00e1m cht\u011bli neust\u00e1le na\u0159izovat, co je dobr\u00e9, a co \u0161patn\u00e9.Sv\u011btlo sv\u011bta spat\u0159ily vakc\u00edny. N\u011bkte\u0159\u00ed v nich vid\u011bli sp\u00e1su a ukon\u010den\u00ed probl\u00e9mu. Bylo slibov\u00e1no, \u017ee o\u010dkov\u00e1n\u00ed zaru\u010d\u00ed, \u017ee \u010dlov\u011bk touto nemoc\u00ed neonemocn\u00ed. Uk\u00e1zalo se, \u017ee to nen\u00ed pravda. P\u0159i\u0161la dal\u0161\u00ed le\u017e v podob\u011b tvrzen\u00ed, \u017ee o\u010dkovan\u00ed lid\u00e9 nemoc ne\u0161\u00ed\u0159\u00ed. I toto bylo vyvr\u00e1ceno. N\u00e1sledovala dal\u0161\u00ed le\u017e v podob\u011b tvrzen\u00ed, \u017ee o\u010dkovan\u00ed na tuto nemoc nemohou um\u0159\u00edt nebo skon\u010dit ve v\u00e1\u017en\u00e9m stavu v nemocnici. Op\u011bt to nen\u00ed pravda. V televizi b\u011b\u017eela n\u011bkolikr\u00e1t denn\u011b reklama na o\u010dkov\u00e1n\u00ed s heslem \u201cud\u011blejme te\u010dku za koronavirem\u201d &#8211; a najednou se nevys\u00edl\u00e1. O\u010dkovalo se jako o \u017eivot, dokonce bylo kon\u010d\u00edc\u00ed Babi\u0161ovou vl\u00e1dou na\u0159\u00edzeno jako povinn\u00e9 pro lidi nad 60 let, co\u017e nov\u00e1 vl\u00e1da zru\u0161ila.Mezit\u00edm se po\u0159\u00e1d \u0159e\u0161\u00ed po\u010dty \u201cnaka\u017een\u00fdch\u201d, lid\u00e9 bez o\u010dkov\u00e1n\u00ed nikam nesm\u00ed, na internetu prob\u00edhaj\u00ed neust\u00e1l\u00e9 h\u00e1dky o\u010dkovan\u00fdch proti neo\u010dkovan\u00fdm. Spousta lid\u00ed b\u011bhem t\u011bch dvou let zm\u011bnila n\u00e1zor, a u\u017e tuto nemoc a v\u0161e okolo n\u00ed neberou v\u00e1\u017en\u011b. A nen\u00ed se \u010demu divit. Neust\u00e1l\u00e9 zm\u011bny na\u0159\u00edzen\u00ed, klidn\u011b z hodiny na hodinu, bez ohledu na to, jak\u00e9 n\u00e1sledky to pro oby\u010dejn\u00e9 lidi bude m\u00edt, neust\u00e1l\u00e9 z\u00e1kazy, p\u0159\u00edkazy, leckdy a\u017e sm\u011b\u0161n\u00e9 (jako byl z\u00e1kaz p\u00edt k\u00e1vu v kel\u00edmku venku). To u\u017e pak v\u011bt\u0161inou \u010dlov\u011bka donut\u00ed p\u0159em\u00fd\u0161let, jestli si z n\u00e1s n\u011bkdo ned\u011bl\u00e1 legraci.Je p\u0159irozenou vlastnost\u00ed \u010dlov\u011bka pochybovat, p\u0159em\u00fd\u0161let, a pt\u00e1t se. Nyn\u00ed prob\u00edh\u00e1 m\u00e9dii informace o tom, \u017ee \u0159ada zem\u00ed ji\u017e za\u0159adila tuto nemoc mezi ty b\u011b\u017en\u00e9, proto\u017ee na ni neum\u00edr\u00e1 zdaleka tolik lid\u00ed. ano, ka\u017ed\u00e9ho \u017eivota je \u0161koda. Ale my si n\u011bkte\u0159\u00ed asi mysl\u00edme, \u017ee o\u010dkov\u00e1n\u00ed n\u00e1m zajist\u00ed nesmrtelnost. Lid\u00e9 jsou znechucen\u00ed, na\u0161tvan\u00ed, h\u00e1daj\u00ed se, rebeluj\u00ed, maj\u00ed psychick\u00e9 probl\u00e9my a leckdy \u0161kody i na majetku v d\u016fsledku neust\u00e1l\u00fdch karant\u00e9n, o\u0161et\u0159ova\u010dek na d\u011bti nebo zru\u0161en\u00ed v\u00e1no\u010dn\u00edch trh\u016f. \u00da\u010det za toto v\u0161echno bude obrovsk\u00fd. Kdo ho ale zaplat\u00ed? Kdy pandemie skon\u010d\u00ed, a byla tu n\u011bkdy n\u011bjak\u00e1?Lid\u00e9 se za tu dobu hrozn\u011b odcizili a chovaj\u00ed se k dob\u011b v\u00e1\u017en\u011b p\u0159\u00ed\u0161ern\u011b. Tuhle jsem byla sv\u011bdkem toho, jak jedna pan\u00ed norm\u00e1ln\u011b vyhodila p\u00e1na z l\u00e9k\u00e1rny proto, \u017ee na dve\u0159\u00edch byl n\u00e1pis o p\u011bti osob\u00e1ch uvnit\u0159, a on byl chud\u00e1k \u0161est\u00fd. Nikdo ze zam\u011bstnanc\u016f to ale nekontroloval. D\u016fsledky jsou \u0161\u00edlen\u00e9, a je op\u011bt jen na n\u00e1s, jak se se v\u0161\u00edm vyrovn\u00e1me. Snad bude v\u0161echno zase jako d\u0159\u00edv.                                                                                                                                                                                                                                                                                                                                                                                        4\/5 - (12 votes)        "},{"@context":"https:\/\/schema.org\/","@type":"BreadcrumbList","itemListElement":[{"@type":"ListItem","position":1,"name":"Skon\u010d\u00ed n\u011bkdy pandemie?","item":"https:\/\/www.gcjc.cz\/skonci-nekdy-pandemie\/#breadcrumbitem"}]}]