[{"@context":"https:\/\/schema.org\/","@type":"Article","@id":"https:\/\/www.gcjc.cz\/nejkrasnejsi-dovolena\/#Article","mainEntityOfPage":"https:\/\/www.gcjc.cz\/nejkrasnejsi-dovolena\/","headline":"Nejkr\u00e1sn\u011bj\u0161\u00ed dovolen\u00e1","name":"Nejkr\u00e1sn\u011bj\u0161\u00ed dovolen\u00e1","description":"Kone\u010dn\u011b jsem zase mohl odlet\u011bt na dovolenou do Ji\u017en\u00ed Afriky. A kone\u010dn\u011b jsem si tedy zase jednou mohl dop\u0159\u00e1t trochu &hellip; ","datePublished":"2022-04-23","dateModified":"2023-05-19","author":{"@type":"Person","@id":"https:\/\/www.gcjc.cz\/author\/#Person","name":"","url":"https:\/\/www.gcjc.cz\/author\/","identifier":1,"image":{"@type":"ImageObject","@id":"https:\/\/secure.gravatar.com\/avatar\/d2f205e1507a0401c7d467d32c87ccece0f63a45b81075bb691dbe8d4c823787?s=96&d=mm&r=g","url":"https:\/\/secure.gravatar.com\/avatar\/d2f205e1507a0401c7d467d32c87ccece0f63a45b81075bb691dbe8d4c823787?s=96&d=mm&r=g","height":96,"width":96}},"publisher":{"@type":"Organization","name":"gcjc.cz","logo":{"@type":"ImageObject","@id":"\/logo.png","url":"\/logo.png","width":600,"height":60}},"image":{"@type":"ImageObject","@id":"https:\/\/www.gcjc.cz\/wp-content\/uploads\/%C5%BEeny%20na%20trhu.jpg","url":"https:\/\/www.gcjc.cz\/wp-content\/uploads\/%C5%BEeny%20na%20trhu.jpg","height":0,"width":0},"url":"https:\/\/www.gcjc.cz\/nejkrasnejsi-dovolena\/","about":["Dovolen\u00e1"],"wordCount":523,"articleBody":"Kone\u010dn\u011b jsem zase mohl odlet\u011bt na dovolenou do Ji\u017en\u00ed Afriky. A kone\u010dn\u011b jsem si tedy zase jednou mohl dop\u0159\u00e1t trochu toho \u201erodinn\u00e9ho \u0161t\u011bst\u00ed\u201c. Nen\u00ed toti\u017e \u017e\u00e1dn\u00fdm tajemstv\u00edm, \u017ee tam m\u00e1m \u017eenskou, stejn\u011b jako nen\u00ed \u017e\u00e1dn\u00fdm tajemstv\u00edm, \u017ee mi to vcelku vyhovuje. \u201eM\u00edt \u017eenskou na krku\u201c jen p\u00e1r dn\u00ed v\u00a0roce, u\u017e\u00edt si a zase trad\u00e1, dokud neute\u010de dal\u0161\u00ed rok nebo dal\u0161\u00ed pandemie. Stejn\u011b jako nen\u00ed \u017e\u00e1dn\u00fdm tajemstv\u00edm, \u017ee jsem, jak by n\u011bkdo mohl zlomysln\u011b dodat, lenoch, kdy\u017e jsem takto bez n\u00e1mahy \u201evy\u017eenil\u201c hned \u010dty\u0159i d\u011bti.A tak jsem tam zase byl. A str\u00e1vil tam prodlou\u017een\u00fd v\u00edkend s\u00a0moj\u00ed Natashou. Kter\u00e1 je vlastn\u011b dokonal\u00fdm p\u0159\u00edkladem r\u010den\u00ed o tom, \u017ee chudoba cti netrat\u00ed.Moje dovolen\u00e1 tak byla po t\u011bch n\u011bkolik spole\u010dn\u00fdch dn\u00ed naprosto norm\u00e1ln\u00ed. To v\u00edte \u2013 piln\u00e9 nicned\u011bl\u00e1n\u00ed, trocha toho zala\u0161kov\u00e1n\u00ed si a tak. A pro ni?Er\u00e1rn\u00ed sn\u00eddani snad nikdy nedojedla. Proto\u017ee je zvykl\u00e1 r\u00e1no a \u010dasto nejen r\u00e1no nej\u00edst. A to, co j\u00e1 zhltnu bez probl\u00e9m\u016f, je pro ni moc. Ale kdy\u017e u\u017e to m\u00e1me v\u00a0cen\u011b, d\u00e1 si to do ledni\u010dky na pozd\u011bji.Pak jsme si koupili ku\u0159e. Dobr\u00e1 v\u011bc, ale to v\u00edte \u2013 m\u011b nebav\u00ed se s\u00a0t\u00edm ob\u00edrat a ona toho tolik nesn\u00ed. Tak\u017ee ku\u0159e zbylo a z\u016fstalo v\u00a0ledni\u010dce.Dal\u0161\u00ed den d\u011blala braai. Tedy koupili jsme n\u011bjak\u00e9 to maso a n\u011bjak\u00e9 klob\u00e1sky, ona rozd\u011blala na ro\u0161tu p\u0159ed domem ohe\u0148 a na n\u011bm to opekla. Dobr\u00e1 v\u011bc. Ale \u010dlov\u011bk m\u00e1 velk\u00e9 o\u010di a tak toho na tal\u00ed\u0159i op\u011bt docela dost zbylo.Pak jsme na v\u00fdlet\u011b cestou za\u0161li do restaurace. Pro\u010d n\u011bco nepoj\u00edst, \u017ee? Jen\u017ee ty jejich porce u\u017e b\u00fdvaj\u00ed docela velk\u00e9 i na m\u011b, nato\u017e na ni, kter\u00e1 toho obvykle tolik nesn\u00ed. Proto\u017ee nen\u00ed zvykl\u00e1. Vyd\u011bl\u00e1v\u00e1 v\u00a0p\u0159epo\u010dtu p\u00e1r tis\u00edc m\u011bs\u00ed\u010dn\u011b a \u017eije jich z\u00a0toho p\u011bt.Tak to \u0161lo den za dnem. Prost\u011b norm\u00e1ln\u00ed dovolen\u00e1. Pro m\u011b.Pak bylo na \u010dase odjet. J\u00e1 jel o m\u011bsto d\u00e1l, ona do pr\u00e1ce a dom\u016f za d\u011btmi. J\u00e1 op\u011bt se svoj\u00ed krosnou, ona m\u00edsto jedn\u00e9 ta\u0161ky s\u00a0p\u011bti. Proto\u017ee tam to j\u00eddlo p\u0159ece nenech\u00e1me v ledni\u010dce le\u017eet. A j\u00e1 u\u017e bych to stejn\u011b nejedl. Neriskoval bych p\u00e1r dn\u00ed star\u00e9 maso a nenadchnul by m\u011b kus oschl\u00e9ho dortu, o nedopit\u00e9 l\u00e1hvi Amaruly ani nemluv\u011b.Z\u00e1v\u011br?Pro ni to pr\u00fd byla (a v\u011b\u0159\u00edm, \u017ee byla) nejkr\u00e1sn\u011bj\u0161\u00ed dovolen\u00e1 jej\u00edho \u017eivota. A pro m\u011b? D\u016fkaz, \u017ee chudoba cti netrat\u00ed. Proto\u017ee nen\u00ed t\u0159eba z \u201ebohat\u00e9ho Evropana\u201c tahat pen\u00edze. A t\u011bch nedojeden\u00fdch \u201ed\u00e1rk\u016f\u201c, co vezla d\u011btem dom\u016f!                                                                                                                                                                                                                                                                                                                                                                                        4.6\/5 - (14 votes)        "},{"@context":"https:\/\/schema.org\/","@type":"BreadcrumbList","itemListElement":[{"@type":"ListItem","position":1,"name":"Nejkr\u00e1sn\u011bj\u0161\u00ed dovolen\u00e1","item":"https:\/\/www.gcjc.cz\/nejkrasnejsi-dovolena\/#breadcrumbitem"}]}]