[{"@context":"https:\/\/schema.org\/","@type":"Article","@id":"https:\/\/www.gcjc.cz\/i-v-mrazech-se-drzte-modnich-trendu\/#Article","mainEntityOfPage":"https:\/\/www.gcjc.cz\/i-v-mrazech-se-drzte-modnich-trendu\/","headline":"I v mrazech se dr\u017ete m\u00f3dn\u00edch trend\u016f","name":"I v mrazech se dr\u017ete m\u00f3dn\u00edch trend\u016f","description":"\u017de nelze skloubit teplo a styl? Nesmysl! P\u0159in\u00e1\u0161\u00edme v\u00e1m shrnut\u00ed toho, co v\u00e1m nesm\u00ed p\u0159es zimu v\u00a0\u0161atn\u00edku chyb\u011bt. Zd\u00e1nliv\u011b jednoduch\u00fd &hellip; ","datePublished":"2017-10-16","dateModified":"2023-05-19","author":{"@type":"Person","@id":"https:\/\/www.gcjc.cz\/author\/#Person","name":"","url":"https:\/\/www.gcjc.cz\/author\/","identifier":1,"image":{"@type":"ImageObject","@id":"https:\/\/secure.gravatar.com\/avatar\/d2f205e1507a0401c7d467d32c87ccece0f63a45b81075bb691dbe8d4c823787?s=96&d=mm&r=g","url":"https:\/\/secure.gravatar.com\/avatar\/d2f205e1507a0401c7d467d32c87ccece0f63a45b81075bb691dbe8d4c823787?s=96&d=mm&r=g","height":96,"width":96}},"publisher":{"@type":"Organization","name":"gcjc.cz","logo":{"@type":"ImageObject","@id":"\/logo.png","url":"\/logo.png","width":600,"height":60}},"image":{"@type":"ImageObject","@id":"https:\/\/www.gcjc.cz\/wp-content\/uploads\/img_a303224_w1758_t1513462807.jpg","url":"https:\/\/www.gcjc.cz\/wp-content\/uploads\/img_a303224_w1758_t1513462807.jpg","height":0,"width":0},"url":"https:\/\/www.gcjc.cz\/i-v-mrazech-se-drzte-modnich-trendu\/","wordCount":559,"articleBody":"\u017de nelze skloubit teplo a styl? Nesmysl! P\u0159in\u00e1\u0161\u00edme v\u00e1m shrnut\u00ed toho, co v\u00e1m nesm\u00ed p\u0159es zimu v\u00a0\u0161atn\u00edku chyb\u011bt.\tZd\u00e1nliv\u011b jednoduch\u00fd n\u00e1kup kab\u00e1tuMysl\u00edte si, \u017ee koupit si kab\u00e1t, nen\u00ed \u017e\u00e1dn\u00e1 v\u011bda? Ba naopak! Od tohoto n\u00e1kupu se budou odv\u00edjet v\u00a0budoucnu v\u0161echny dal\u0161\u00ed. Barva, materi\u00e1l i st\u0159ih, to jsou v\u011bci, na kter\u00fdch si dejte p\u0159i v\u00fdb\u011bru pozor. Nejlep\u0161\u00ed je volit kab\u00e1t neutr\u00e1ln\u00ed barvy, ke kter\u00e9 bude jednoduch\u00e9 kombinovat dopl\u0148ky. To znamen\u00e1, \u017ee u\u017e p\u0159i v\u00fdb\u011bru kab\u00e1tu, se zam\u00fd\u0161lejte nad t\u00edm, jak\u00e9 vlastn\u00edte doma \u0161\u00e1ly, \u0161\u00e1tky a \u010depice. P\u0159\u00edpadn\u011b pop\u0159em\u00fd\u0161lejte, jak\u00e9 byste ke zvolen\u00e9mu kab\u00e1tu mohli obl\u00e9ct. Nejlep\u0161\u00ed volbou bude \u010dern\u00fd, b\u00edl\u00fd, hn\u011bd\u00fd nebo \u010derven\u00fd.\t\u010cepice, \u0161\u00e1ly a rukaviceV\u00a0obchodech najdeme nep\u0159ebern\u00e9 mno\u017estv\u00ed \u010depic, kulich\u016f, ale t\u0159eba i baret\u016f. Volte dob\u0159e kombinovateln\u00e9 barvy, proto se vyvarujte n\u00e1kupu jak\u00fdkoliv k\u0159iklav\u00fdch kousk\u016f. Elegantn\u011bj\u0161\u00ed variantou jsou chlupat\u00e9 \u010delenky, kter\u00e9 jsou dnes snadno dostupn\u00e9. Kr\u00e1sn\u011b vypadaj\u00ed k\u00a0rozpu\u0161t\u011bn\u00fdm vlas\u016fm, kter\u00e9 jemn\u011b nakulmujete.Nezapom\u00ednejte na to, \u017ee pokud v\u00e1m bude foukat na krk, i sebehez\u010d\u00ed kab\u00e1t \u010dasem vym\u011bn\u00edte. Ale i kab\u00e1t s\u00a0l\u00edmcem, kter\u00fd v\u00e1m krk neobep\u00edn\u00e1, se d\u00e1 doplnit teplou \u0161\u00e1lou. Nejmodern\u011bj\u0161\u00ed \u0161\u00e1ly se snadno zam\u011bn\u00ed za deky \u2013 ano, takov\u00e9 rozm\u011bry se dnes vyr\u00e1b\u00ed. V\u00a0teplej\u0161\u00edch dnes \u0161\u00e1lu vym\u011b\u0148te za \u0161\u00e1tek. Dal\u0161\u00ed vychyt\u00e1vkou jsou n\u00e1kr\u010dn\u00edky, kter\u00e9 elegantn\u011b simuluj\u00ed rol\u00e1k.A nezapom\u00ednejte na sv\u00e9 ruce. Lep\u0161\u00ed, ne\u017e je schov\u00e1vat v\u00a0kaps\u00e1ch kab\u00e1tu, je po\u0159\u00eddit si rukavice. Na v\u00fdb\u011br m\u00e1te od ko\u017een\u00fdch k\u00a0bavln\u011bn\u00fdm. Z\u00e1le\u017e\u00ed jen na v\u00e1s, zda budete kombinovat rukavice do barev \u010depice, \u0161\u00e1ly nebo kab\u00e1tu. Nikdy v\u00e1s ale nezklamou \u010dern\u00e9 ko\u017een\u00e9 rukavice, kter\u00e9 dot\u00e1hnou ka\u017ed\u00fd outfit k\u00a0dokonalosti.\tHol\u00ednky do m\u011bsta \u2013 pro\u010d ne?V\u00a0posledn\u00edch letech jste jist\u011b zaznamenala \u017eeny, kter\u00e9 se raduj\u00ed z\u00a0de\u0161tiv\u00e9ho po\u010das\u00ed. Ano, hol\u00ednky se staly m\u00f3dn\u00edm trendem. Najdete je v\u00a0ka\u017ed\u00e9 specializovan\u00e9 prodejn\u011b obuvi a budete \u017easnout, z\u00a0kolika n\u00e1dhern\u00fdch typ\u016f se d\u00e1 vybrat. Up\u0159ednost\u0148ujete kotn\u00edkov\u00e9, nebo vysok\u00e9? Pokud ov\u0161em hol\u00ednk\u00e1m nefand\u00edte, v\u00a0nab\u00eddce jsou st\u00e1le klasick\u00e9 ko\u017een\u00e9 koza\u010dky. \u010cern\u00e9 vysok\u00e9 koza\u010dky na podpatku dokonale dolad\u00ed ka\u017ed\u00fd outfit.\tZast\u00e1nci sportovn\u00edho stylu nezoufejtePokud jste typ, kter\u00fd sp\u00ed\u0161e ne\u017e kab\u00e1ty, klobouky a \u0161\u00e1ly, up\u0159ednost\u0148uje bundy a funk\u010dn\u00ed materi\u00e1ly, nezoufejte. T\u011bch se d\u00e1 v\u00a0dne\u0161n\u00ed dob\u011b na trhu sehnat minim\u00e1ln\u011b stejn\u00e9 mno\u017estv\u00ed, ne-li v\u00edce. V\u00fd\u0161e zm\u00edn\u011bn\u00e9 \u010delenky a n\u00e1kr\u010dn\u00edky jsou p\u0159evzaty ze sportovn\u00edho oble\u010den\u00ed. Zm\u00edn\u011bn\u00e9 kousky vyr\u00e1b\u00ed v\u0161echny sportovn\u00ed zna\u010dky z\u00a0vysoce funk\u010dn\u00edch materi\u00e1l\u016f. N\u00e1kr\u010dn\u00edky se daj\u00ed pou\u017e\u00edt i jako kukly, \u0161\u00e1tky a \u010depice pod helmu. To znamen\u00e1, \u017ee zakoupen\u00e9 v\u011bci m\u016f\u017eete vyu\u017e\u00edt jak na svahu, tak ve m\u011bst\u011b.                                                                                                                                                                                                                                                                                                                                                                                        5\/5 - (4 votes)        "},{"@context":"https:\/\/schema.org\/","@type":"BreadcrumbList","itemListElement":[{"@type":"ListItem","position":1,"name":"I v mrazech se dr\u017ete m\u00f3dn\u00edch trend\u016f","item":"https:\/\/www.gcjc.cz\/i-v-mrazech-se-drzte-modnich-trendu\/#breadcrumbitem"}]}]